{"id":126,"date":"2012-06-12T21:31:10","date_gmt":"2012-06-12T21:31:10","guid":{"rendered":"http:\/\/mascapaces.net\/?p=126"},"modified":"2015-09-27T10:57:37","modified_gmt":"2015-09-27T10:57:37","slug":"%c2%bfnos-asusta-el-talento","status":"publish","type":"post","link":"https:\/\/mascapaces.net\/?p=126","title":{"rendered":"\u00bfNos asusta el talento?"},"content":{"rendered":"<p style=\"text-align: justify;\">Es dif\u00edcil conseguir decir en los medios todo lo que tienes dentro de la cabeza y deseas comunicar a la sociedad. Por no decir imposible. Pero si todo lo que transmites es cien por cien sincero y acertado, el tiempo se dilata y el mensaje queda limpio, directo y n\u00edtido.<br \/>\nEsto es lo que han transmitido hoy <a title=\"Blog de Javier Tour\u00f3n\" href=\"http:\/\/www.javiertouron.es\" target=\"_blank\">Javier Tour\u00f3n<\/a>, catedr\u00e1tico de M\u00e9todos, de Investigaci\u00f3n y Diagn\u00f3stico en Educaci\u00f3n de la Universidad de Navarra, Dolors Rius, Presidenta de la<a title=\"Blog de Fanjacc\" href=\"http:\/\/fanjacc.wordpress.com\/\" target=\"_blank\"> Asociaci\u00f3n Promotora de la Fundaci\u00f3n de Ayuda a Ni\u00f1os y J\u00f3venes de Altas Capacidades<\/a>; y Jorge de los Santos, artista pl\u00e1stico.<\/p>\n<p style=\"text-align: justify;\">El llamamiento es claro: el sistema educativo tiene que replantearse la atenci\u00f3n a la diversidad. No puede trabajar con todos los ni\u00f1os al mismo ritmo. No puede frenar a los ni\u00f1os y ni\u00f1as m\u00e1s capaces. La sociedad debe cultivar el talento, porque si no lo hace, ser\u00e1 colonizada por otros.<\/p>\n<p style=\"text-align: justify;\">Y ese talento no est\u00e1 s\u00f3lo en unas pocas personas. No hay que atender s\u00f3lo a los que tienen muy altas capacidades. Hay que adecuar las escuelas a todos los alumnos, para que desarrollen lo m\u00e1ximo que puedan su potencial. Hay muchas personas que ser\u00e1n talentosas pero no ser\u00e1n famosas. Simplemente pondr\u00e1n su grano de arena en mejorar su sociedad y con ello ser\u00e1n felices.<\/p>\n<p style=\"text-align: justify;\">Y este es un mensaje que quiero transmitir tambi\u00e9n desde esta atalaya: debemos conseguir que el mayor n\u00famero posible de alumnos desarrollen su talento en <strong>todos<\/strong> los centros educativo de <strong>todas<\/strong> las comunidades de nuestro pa\u00eds.<\/p>\n<p style=\"text-align: justify;\">Pod\u00e9is ver el programa en el siguiente enlace: <a title=\"\u00bfNos asusta el talento?- La 2 de TVE\" href=\"http:\/\/www.rtve.es\/alacarta\/videos\/para-todos-la-2\/para-todos-2-debate-personas-alta-capacidadnos-asusta-talento\/1434625\/\" target=\"_blank\">\u00ab\u00bfNos asusta el talento?\u00bb<\/a><\/p>\n","protected":false},"excerpt":{"rendered":"<p>Es dif\u00edcil conseguir decir en los medios todo lo que tienes dentro de la cabeza y deseas comunicar a la sociedad. Por no decir imposible. Pero si todo lo que transmites es cien por cien sincero y acertado, el tiempo &hellip; <a href=\"https:\/\/mascapaces.net\/?p=126\">Sigue leyendo <span class=\"meta-nav\">&rarr;<\/span><\/a><\/p>\n","protected":false},"author":1,"featured_media":0,"comment_status":"open","ping_status":"open","sticky":false,"template":"","format":"standard","meta":{"_jetpack_memberships_contains_paid_content":false,"footnotes":"","jetpack_publicize_message":"","jetpack_publicize_feature_enabled":true,"jetpack_social_post_already_shared":false,"jetpack_social_options":{"image_generator_settings":{"template":"highway","default_image_id":0,"enabled":false},"version":2}},"categories":[3],"tags":[38,14],"class_list":["post-126","post","type-post","status-publish","format-standard","hentry","category-opiniones","tag-opinion","tag-talento"],"jetpack_publicize_connections":[],"jetpack_featured_media_url":"","jetpack_sharing_enabled":true,"jetpack_shortlink":"https:\/\/wp.me\/p9WILI-22","_links":{"self":[{"href":"https:\/\/mascapaces.net\/index.php?rest_route=\/wp\/v2\/posts\/126","targetHints":{"allow":["GET"]}}],"collection":[{"href":"https:\/\/mascapaces.net\/index.php?rest_route=\/wp\/v2\/posts"}],"about":[{"href":"https:\/\/mascapaces.net\/index.php?rest_route=\/wp\/v2\/types\/post"}],"author":[{"embeddable":true,"href":"https:\/\/mascapaces.net\/index.php?rest_route=\/wp\/v2\/users\/1"}],"replies":[{"embeddable":true,"href":"https:\/\/mascapaces.net\/index.php?rest_route=%2Fwp%2Fv2%2Fcomments&post=126"}],"version-history":[{"count":3,"href":"https:\/\/mascapaces.net\/index.php?rest_route=\/wp\/v2\/posts\/126\/revisions"}],"predecessor-version":[{"id":385,"href":"https:\/\/mascapaces.net\/index.php?rest_route=\/wp\/v2\/posts\/126\/revisions\/385"}],"wp:attachment":[{"href":"https:\/\/mascapaces.net\/index.php?rest_route=%2Fwp%2Fv2%2Fmedia&parent=126"}],"wp:term":[{"taxonomy":"category","embeddable":true,"href":"https:\/\/mascapaces.net\/index.php?rest_route=%2Fwp%2Fv2%2Fcategories&post=126"},{"taxonomy":"post_tag","embeddable":true,"href":"https:\/\/mascapaces.net\/index.php?rest_route=%2Fwp%2Fv2%2Ftags&post=126"}],"curies":[{"name":"wp","href":"https:\/\/api.w.org\/{rel}","templated":true}]}}