{"id":351,"date":"2015-06-21T22:20:57","date_gmt":"2015-06-21T22:20:57","guid":{"rendered":"http:\/\/mascapaces.net\/?p=351"},"modified":"2015-09-27T15:18:24","modified_gmt":"2015-09-27T15:18:24","slug":"que-deberian-tener-en-cuenta-las-normativas-sobre-altas-capacidades-ii","status":"publish","type":"post","link":"https:\/\/mascapaces.net\/?p=351","title":{"rendered":"QUE DEBER\u00cdAN TENER EN CUENTA LAS NORMATIVAS SOBRE ALTAS CAPACIDADES (II)"},"content":{"rendered":"<p style=\"text-align: justify;\">PRIMER PUNTO: A QU\u00c9 ALUMNADO SE DIRIGE.<\/p>\n<p style=\"text-align: justify;\">\u00a0Toda normativa sobre atenci\u00f3n a alumnos con altas capacidades ha de cumplir como primer punto el <strong>definir con claridad qu\u00e9 se entiende por altas capacidades<\/strong>. O lo que es lo mismo, <strong>a qu\u00e9 alumnado se dirige<\/strong>. Esto, que es algo tan evidente, no se suele incluir en el articulado, ni siquiera en los pre\u00e1mbulos. No pueden escudarse en que no hay una unificaci\u00f3n de criterios entre los expertos. Tienen que mojarse. Tomar una decisi\u00f3n y dar el paso. Hay varios modelos. La diferencia entre ellos es fundamentalmente el nivel de exigencia en los criterios para ser identificado. Aplicando uno u otro modelo se identificar\u00e1n m\u00e1s o menos casos. Podr\u00e1 gustarnos la decisi\u00f3n o no. Pero al menos, se homogeneizar\u00e1n los requisitos para considerar que estos alumnos tengan necesidades educativas espec\u00edficas asociadas a altas capacidades. Los orientadores tendr\u00e1n que ajustarse a esos criterios.<\/p>\n<p style=\"text-align: justify;\">\u00bfQu\u00e9 necesitan los alumnos con altas capacidades para ser reconocidos? \u00bfSon aquellos que punt\u00faan por encima de una determinada prueba de inteligencia estandarizada, en la que se obtiene un resultado de cociente intelectual? \u00bfObtener un CI mayor que 130? \u00bfMayor que 140?\u00bfQue resuelva ecuaciones diferenciales a los 5 a\u00f1os? Que lo definan y que lo exijan. Pero que sea la misma definici\u00f3n y la misma prueba para todos. Tengan en cuenta que pruebas de inteligencia hay muchas, y no todas valoran las mismas capacidades, nos pongamos como nos pongamos. Un test de razonamiento l\u00f3gico abstracto no va a facilitarnos la misma informaci\u00f3n o puntuaci\u00f3n que una escala de corte verbal academico (como las Wechsler), o que una bater\u00eda de aptitudes diferenciales, con peso equivalente entre todas ellas. Hay que ponerse de acuerdo, porque de la decisi\u00f3n que tomen depender\u00e1 el nivel de los alumnos seleccionados. Si se acepta este modelo con el criterio de la Organizaci\u00f3n Mundial de la Salud y unas pruebas lo suficientemente completas, <strong>se deber\u00edan encontrar en teor\u00eda con un 2% de la poblaci\u00f3n, con un potencial academico <\/strong>muy por encima de la media. Ser\u00eda un t\u00edmido paso, pero al menos un paso adelante. Que sepan que un buen n\u00famero de los seleccionados ser\u00edan candidatos a la aceleraci\u00f3n y al adelanto de cursos en un sistema educativo tan compartimentalizado en niveles como el que tenemos ahora.<\/p>\n<p style=\"text-align: justify;\">\u00bfDesean, desde otro punto de vista, ampliar el concepto de altas capacidades para incorporar no solamente a los m\u00e1s talentosos en el \u00e1mbito academico, sino otros perfiles que pueden tener sus propias necesidades espec\u00edficas? S\u00ed, los hay, y casos de enorme prestigio en la etapa adulta (y por lo general desastrosa experiencia escolar en la infancia). La alta capacidad matem\u00e1tica, la verbal, la artistica o el talento creativo entre otras facetas, no tienen por qu\u00e9 correlacionar (ir de la mano) con el \u00e1mbito acad\u00e9mico. Definan las altas capacidades, se\u00f1ores. La normativa aragonesa lo hace a su manera: En el Decreto 135\/2014, en su art\u00edculo 24 presenta al alumnado de altas capacidades como aquel que se caracteriza por una <strong>adquisici\u00f3n temprana<\/strong> de los aprendizajes instrumentales<strong><span style=\"text-decoration: underline;\">,<\/span> <span style=\"text-decoration: underline;\">o<\/span><\/strong> por unas <strong>aptitudes y habilidades cognitivas, generales o espec\u00edficas<\/strong>, <strong>por encima de lo esperado<\/strong> en su grupo de edad de referencia. Una cosa o la otra. Dos sentencias unidas por un nexo l\u00f3gico disyuntivo. Ambas son factibles. Al menos sabes qu\u00e9 puedes esperar: avances r\u00e1pidos en el aprendizaje o niveles de aptitudes por encima de la media de su edad. O ambas situaciones a la vez. Pero ya no se puede justificar que tengan que ser las dos juntas, porque el texto normativo no lo contempla. Bien, en este caso, sera dif\u00edcil refugiarse en una identificaci\u00f3n de corte tradicional. Podr\u00e1n seguir utilizando pruebas psicom\u00e9tricas, pero su interpretaci\u00f3n tendr\u00e1 que ajustarse a la obtenci\u00f3n de perfiles cognitivos. Y as\u00ed queda reflejado en el anexo II de la Orden de 30 de Julio de 2014 de medidas de intervenci\u00f3n educativa, que desarrolla el anterior Decreto. En su Anexo II apartado 4, se definen los diferentes perfiles que cumplen los criterios para considerarse alumno de altas capacidades. \u00bfQu\u00e9 diferencia existe con el anterior modelo? Es m\u00e1s amplio. En un grafo de conjuntos, los alumnos identificados con un sistema tradicional son un subconjunto de este segundo apartado. Es probable que nos encontremos entre un 5% o incluso hasta un 10% de la poblaci\u00f3n escolar dentro de los alumnos identificados como de altas capacidades. Y el anterior 2% est\u00e1 incluido en este grafo mayor, y probablemente configurar\u00e1n buena parte del alto perfil academico o el perfil de superdotaci\u00f3n (aunque definido de otra manera). Todo ello si despu\u00e9s los profesionales educativos hacen correctamente su trabajo, claro. Pero al menos, se ha cumplido el primer requisito de una normativa: tener claro qui\u00e9nes van a ser los alumnos objetivo.<\/p>\n<p style=\"text-align: justify;\">\u00bfLes gusta m\u00e1s el modelo de Fran\u00e7ois Gagn\u00e9? Detecten a los alumnos m\u00e1s capaces, en el 10% de la parte superior en los dominios potenciales intelectual, creativo, social, perceptual y psicomotor, y traten de conseguir con ellos que desarrollen talentos en \u00e1mbitos como el academico, el cient\u00edfico-t\u00e9cnico, el artistico o deportivo, entre otros.<\/p>\n<p style=\"text-align: justify;\">\u00bfQueremos un modelo mucho m\u00e1s amplio? En ese caso, hay que acercarse a algo similar al Modelo de Enriquecimiento Escolar de Renzulli y sus colaboradores. En este modelo <strong>los alumnos m\u00e1s capaces<\/strong>, con potencial para conseguir de ellos gifted behaviours (conductas propias de los bien dotados intelectualmente), <strong>son aquellos con capacidades o habilidades generales o espec\u00edficas por encima de la media.<\/strong><\/p>\n<p style=\"text-align: justify;\">La parte de identificaci\u00f3n de este modelo no suele conocerse tan bien como su teor\u00eda. Los autores han puesto en pr\u00e1ctica en diversos centros educativos un modelo de intervenci\u00f3n que parte de un proceso de identificaci\u00f3n de un grupo de alumnos (<em>talent pool<\/em>) a tres bandas:<br \/>\n&#8211; Un 50% aproximadamente seleccionado por un sistema de pruebas psicom\u00e9tricas de inteligencia, seg\u00fan el criterio de cada centro o de cada administraci\u00f3n educativa. Generalmente los elegidos suelen obtener CIs superiores a 125 o percentiles en las pruebas generales o espec\u00edficas superiores al percentil 92 \u00f3 94 (de un resultado m\u00e1ximo de 99).<br \/>\n&#8211; Otro 50% aproximadamente de alumnos seleccionados por los docentes de entre aquellos que no han entrado a trav\u00e9s de las pruebas psicom\u00e9tricas, y que son considerados como excelentes alumnos, con un rendimiento escolar por encima de la media.<br \/>\n&#8211; Finalmente, se deja abierta la posibilidad a estudiar casos puntuales de alumnos que no hayan entrado en las dos fases anteriores, pero que son recomendados por sus propios compa\u00f1eros, por sus padres o tutores, o autonominados por ellos mismos. Si despu\u00e9s del estudio se considera adecuada su participaci\u00f3n en el talent pool, se les da acceso.<br \/>\n<a href=\"https:\/\/mascapaces.net\/wp-content\/uploads\/2015\/06\/concentricos.png\"><img loading=\"lazy\" decoding=\"async\" class=\"alignleft  wp-image-352\" src=\"https:\/\/mascapaces.net\/wp-content\/uploads\/2015\/06\/concentricos-300x168.png\" alt=\"Conjuntos\" width=\"280\" height=\"157\" srcset=\"https:\/\/mascapaces.net\/wp-content\/uploads\/2015\/06\/concentricos-300x168.png 300w, https:\/\/mascapaces.net\/wp-content\/uploads\/2015\/06\/concentricos.png 819w\" sizes=\"auto, (max-width: 280px) 100vw, 280px\" \/><\/a>Esto supone una participaci\u00f3n de entre el 15 y el 20% de la poblaci\u00f3n escolar. La filosof\u00eda de los autores es que puedan conseguir <em>gifted behaviours<\/em> el mayor n\u00famero posible de alumnos. Se comprende que los alumnos de las dos anteriores soluciones se encuentran incluidos, englobados en otro c\u00edrculo mayor. No se estructuran en sectores diferentes.<\/p>\n<p style=\"text-align: justify;\">Definir de una u otra manera las condiciones por las que se identifican las altas capacidades es primordial. Las altas capacidades parten de un basamento psicobiol\u00f3gico, neurol\u00f3gico. Pero la decisi\u00f3n de d\u00f3nde comienza el \u201cpunto de corte\u201d a partir del cual se entiende que existen necesidades espec\u00edficas es una construcci\u00f3n social, como se est\u00e1 viendo. Para desembarazarnos de esta arbitrariedad los administradores deben darse cuenta de que el nivel intelectual no es una cuesti\u00f3n de ser o no ser, de tener o no tener altas capacidades. Es una dimension gradual, sin saltos. \u00bfTiene derecho a la atenci\u00f3n un alumno con un CI=131 o un percentil igual a 95, y uno de CI=128 no? Hasta que margen damos? Ante esta tesitura mi opini\u00f3n personal es que el modelo adoptado deber\u00eda evitar en la medida de lo posible que se produjesen falsos negativos, es decir, alumnos con necesidades espec\u00edficas que no se identificasen por no cumplir los criterios indicados en la norma legal.<\/p>\n<p style=\"text-align: justify;\">Se\u00f1ores administradores educativos: definan qu\u00e9 buscan, a qu\u00e9 alumnos va dirigida su norma. Podremos estar de acuerdo o no, pero al menos, habr\u00e1n comenzado a dar instrucciones claras a sus profesionales. Y la situaci\u00f3n de identificaci\u00f3n de alumnos con altas capacidades y su correspondiente atenci\u00f3n mejorar\u00e1n sustancialmente.<\/p>\n<p style=\"text-align: justify;\">Eso s\u00ed, todo tiene unos l\u00edmites, unas <span style=\"color: #ff0000;\">\u201cl\u00edneas rojas\u201d<\/span> que no deber\u00edan ser cruzadas:<\/p>\n<ul style=\"text-align: justify;\">\n<li>Decir altas capacidades es decir alto potencial, no alto rendimiento. Es decir aprendizaje r\u00e1pido, no trabajos pulcros. Es decir resoluci\u00f3n creativa de problemas, no necesariamente seguir las instrucciones del docente hasta la \u00faltima letra. Tengan ustedes esto en cuenta. Van a encontrar alumnos con altas capacidades y bajo rendimiento, y la soluci\u00f3n para cambiar esto, es permitirles dar rienda suelta a su necesidad de retos m\u00e1s complejos y a aprendizajes de areas de su inter\u00e9s. Esa es la gran diferencia con el bajo rendimiento por causas limitativas.<\/li>\n<li>En Espa\u00f1a se ha establecido un criterio entre muchos orientadores e inspectores, que no tiene ning\u00fan basamento, porque han pervertido el conocido modelo de los tres anillos de Renzulli. Se exige a los alumnos que, adem\u00e1s de disponer de un alto cociente intelectual (por encima de 130) exhiban una alta creatividad y una gran implicaci\u00f3n en las tareas escolares. Se\u00f1ores, esto es una enorme y gigantesca metedura de pata, fruto de una traducci\u00f3n imprecisa de las publicaciones del Sr. Renzulli. Estas condiciones son la meta del proyecto, el objetivo final del programa de atenci\u00f3n, pero no son las condiciones para identificar a los alumnos. Se desea que, con la atenci\u00f3n espec\u00edfica, desarrollen su pensamiento creativo, todas sus capacidades, y se impliquen en las tareas con pasi\u00f3n. Han cambiado el punto de inicio por la meta. Es equivalente a pedir a los ni\u00f1os que sepan leer y escribir antes de comenzar a aprender a leer y escribir en la escuela. Algo absurdo.<\/li>\n<\/ul>\n<p style=\"text-align: justify;\">No cometan errores pasados. O har\u00e1n un flaco favor al desarrollo del talento en este pa\u00eds.<\/p>\n<p style=\"text-align: justify;\">\n","protected":false},"excerpt":{"rendered":"<p>PRIMER PUNTO: A QU\u00c9 ALUMNADO SE DIRIGE. \u00a0Toda normativa sobre atenci\u00f3n a alumnos con altas capacidades ha de cumplir como primer punto el definir con claridad qu\u00e9 se entiende por altas capacidades. O lo que es lo mismo, a qu\u00e9 &hellip; <a href=\"https:\/\/mascapaces.net\/?p=351\">Sigue leyendo <span class=\"meta-nav\">&rarr;<\/span><\/a><\/p>\n","protected":false},"author":1,"featured_media":0,"comment_status":"open","ping_status":"open","sticky":false,"template":"","format":"standard","meta":{"_jetpack_memberships_contains_paid_content":false,"footnotes":"","jetpack_publicize_message":"","jetpack_publicize_feature_enabled":true,"jetpack_social_post_already_shared":false,"jetpack_social_options":{"image_generator_settings":{"template":"highway","default_image_id":0,"enabled":false},"version":2}},"categories":[3],"tags":[13,33,38,49],"class_list":["post-351","post","type-post","status-publish","format-standard","hentry","category-opiniones","tag-altas-capacidades","tag-legislacion","tag-opinion","tag-renzulli"],"jetpack_publicize_connections":[],"jetpack_featured_media_url":"","jetpack_sharing_enabled":true,"jetpack_shortlink":"https:\/\/wp.me\/p9WILI-5F","_links":{"self":[{"href":"https:\/\/mascapaces.net\/index.php?rest_route=\/wp\/v2\/posts\/351","targetHints":{"allow":["GET"]}}],"collection":[{"href":"https:\/\/mascapaces.net\/index.php?rest_route=\/wp\/v2\/posts"}],"about":[{"href":"https:\/\/mascapaces.net\/index.php?rest_route=\/wp\/v2\/types\/post"}],"author":[{"embeddable":true,"href":"https:\/\/mascapaces.net\/index.php?rest_route=\/wp\/v2\/users\/1"}],"replies":[{"embeddable":true,"href":"https:\/\/mascapaces.net\/index.php?rest_route=%2Fwp%2Fv2%2Fcomments&post=351"}],"version-history":[{"count":3,"href":"https:\/\/mascapaces.net\/index.php?rest_route=\/wp\/v2\/posts\/351\/revisions"}],"predecessor-version":[{"id":355,"href":"https:\/\/mascapaces.net\/index.php?rest_route=\/wp\/v2\/posts\/351\/revisions\/355"}],"wp:attachment":[{"href":"https:\/\/mascapaces.net\/index.php?rest_route=%2Fwp%2Fv2%2Fmedia&parent=351"}],"wp:term":[{"taxonomy":"category","embeddable":true,"href":"https:\/\/mascapaces.net\/index.php?rest_route=%2Fwp%2Fv2%2Fcategories&post=351"},{"taxonomy":"post_tag","embeddable":true,"href":"https:\/\/mascapaces.net\/index.php?rest_route=%2Fwp%2Fv2%2Ftags&post=351"}],"curies":[{"name":"wp","href":"https:\/\/api.w.org\/{rel}","templated":true}]}}